{"id":33139,"date":"2022-08-05T11:22:10","date_gmt":"2022-08-05T09:22:10","guid":{"rendered":"https:\/\/operaduomo.siena.it\/uncategorized\/8-maggio-8-settembre-2019-la-citta-del-cielo\/"},"modified":"2022-08-05T11:22:26","modified_gmt":"2022-08-05T09:22:26","slug":"8-maggio-8-settembre-2019-la-citta-del-cielo","status":"publish","type":"post","link":"https:\/\/operaduomo.siena.it\/en\/news-en\/8-maggio-8-settembre-2019-la-citta-del-cielo\/","title":{"rendered":"8 Maggio &#8211; 8 Settembre 2019: La Citt\u00e0 del Cielo"},"content":{"rendered":"<div class=\"wpb-content-wrapper\"><p>[vc_row][vc_column][vc_column_text]<\/p>\n<div class=\"fs_big m_bottom_40\">\n<p>Questo grande e alto muro che, nell&#8217;intento dei Senesi, doveva divenire la facciata di un Nuovo Duomo, sogno architettonico, guarda la Citt\u00e0 per intero. Dall&#8217;alto sar\u00e0 possibile riconoscere i &#8220;<em>luoghi<\/em>&#8221; pi\u00f9 significativi della Citt\u00e0, quella originata dal &#8220;<em><strong>Buon Governo<\/strong><\/em>&#8220;, con l&#8217;invito, una volta discesi, a vivere con intensit\u00e0 e a fermarsi negli stessi spazi in cui la comunit\u00e0 senese si riconosce. Il <strong>Facciatone<\/strong>, con le sue possenti fondamenta e le sue leggere altitudini, crinale &#8220;<em><strong>nella solarit\u00e0 abbagliante dei suoi marmi e cotti<\/strong><\/em>&#8221; (Mario Luzzi), \u00e8 lo spazio in cui Siena salda in unico sguardo la Citt\u00e0 della Terra e la Citt\u00e0 del Cielo.<\/p>\n<p><strong>Introduzione alla Citt\u00e0 di Siena dal Panorama del Facciatone tutti i giorni dalle ore 10 alle 19.<\/strong><\/p>\n<p><strong>Aperture straordinarie dalle 8 alle 10 <u>solo su prenotazione<\/u><\/strong>.<\/p>\n<p>Info e booking:<br \/>\nTel. 0577 286300; mail <a href=\"mailto:opasiena@operalaboratori.com\">opasiena@operalaboratori.com<\/a><\/p>\n<\/div>\n<p>[\/vc_column_text][\/vc_column][\/vc_row]<\/p>\n<\/div>","protected":false},"excerpt":{"rendered":"<p>[vc_row][vc_column][vc_column_text] Questo grande e alto muro che, nell&#8217;intento dei Senesi, doveva divenire la facciata di un Nuovo Duomo, sogno architettonico,&#8230;<\/p>\n","protected":false},"author":2,"featured_media":32641,"comment_status":"closed","ping_status":"closed","sticky":false,"template":"","format":"standard","meta":{"sfsi_plus_gutenberg_text_before_share":"","sfsi_plus_gutenberg_show_text_before_share":"","sfsi_plus_gutenberg_icon_type":"","sfsi_plus_gutenberg_icon_alignemt":"","sfsi_plus_gutenburg_max_per_row":"","_monsterinsights_skip_tracking":false,"_monsterinsights_sitenote_active":false,"_monsterinsights_sitenote_note":"","_monsterinsights_sitenote_category":0,"footnotes":""},"categories":[361],"tags":[],"class_list":{"0":"post-33139","1":"post","2":"type-post","3":"status-publish","4":"format-standard","5":"has-post-thumbnail","7":"category-news-en"},"menu_order":0,"_links":{"self":[{"href":"https:\/\/operaduomo.siena.it\/en\/wp-json\/wp\/v2\/posts\/33139","targetHints":{"allow":["GET"]}}],"collection":[{"href":"https:\/\/operaduomo.siena.it\/en\/wp-json\/wp\/v2\/posts"}],"about":[{"href":"https:\/\/operaduomo.siena.it\/en\/wp-json\/wp\/v2\/types\/post"}],"author":[{"embeddable":true,"href":"https:\/\/operaduomo.siena.it\/en\/wp-json\/wp\/v2\/users\/2"}],"replies":[{"embeddable":true,"href":"https:\/\/operaduomo.siena.it\/en\/wp-json\/wp\/v2\/comments?post=33139"}],"version-history":[{"count":4,"href":"https:\/\/operaduomo.siena.it\/en\/wp-json\/wp\/v2\/posts\/33139\/revisions"}],"predecessor-version":[{"id":33144,"href":"https:\/\/operaduomo.siena.it\/en\/wp-json\/wp\/v2\/posts\/33139\/revisions\/33144"}],"wp:featuredmedia":[{"embeddable":true,"href":"https:\/\/operaduomo.siena.it\/en\/wp-json\/wp\/v2\/media\/32641"}],"wp:attachment":[{"href":"https:\/\/operaduomo.siena.it\/en\/wp-json\/wp\/v2\/media?parent=33139"}],"wp:term":[{"taxonomy":"category","embeddable":true,"href":"https:\/\/operaduomo.siena.it\/en\/wp-json\/wp\/v2\/categories?post=33139"},{"taxonomy":"post_tag","embeddable":true,"href":"https:\/\/operaduomo.siena.it\/en\/wp-json\/wp\/v2\/tags?post=33139"}],"curies":[{"name":"wp","href":"https:\/\/api.w.org\/{rel}","templated":true}]}}