{"id":33076,"date":"2022-08-04T11:51:23","date_gmt":"2022-08-04T09:51:23","guid":{"rendered":"https:\/\/operaduomo.siena.it\/uncategorized\/limmagine-del-duomo-di-siena-1223-1944\/"},"modified":"2022-08-04T11:51:29","modified_gmt":"2022-08-04T09:51:29","slug":"limmagine-del-duomo-di-siena-1223-1944","status":"publish","type":"post","link":"https:\/\/operaduomo.siena.it\/en\/news-en\/limmagine-del-duomo-di-siena-1223-1944\/","title":{"rendered":"L&#8217;immagine del Duomo di Siena. 1223 &#8211; 1944"},"content":{"rendered":"<div class=\"wpb-content-wrapper\"><p>[vc_row][vc_column width=&#8221;1\/3&#8243;]<div class=\"gem-dropcap gem-dropcap-shape-hexagon gem-dropcap-style-medium\"><div class=\"dropcap-hexagon-inner\"><div class=\"gem-dropcap-shape-hexagon-back\"><div class=\"gem-dropcap-shape-hexagon-back-inner\"><div class=\"gem-dropcap-shape-hexagon-back-inner-before\" style=\"background: #00bcd4\"><\/div><\/div><\/div><div class=\"gem-dropcap-shape-hexagon-top\"><div class=\"gem-dropcap-shape-hexagon-top-inner\"><div class=\"gem-dropcap-shape-hexagon-top-inner-before\" style=\"background-color:#00bcd4\"><\/div><\/div><\/div><\/div><span class=\"gem-dropcap-letter\" style=\"color: #ffffff;background-color: #00bcd4;\">L<\/span><\/div>[vc_column_text]esposizione temporanea, promossa dall\u2019Opera della Metropolitana con la partecipazione dell\u2019Arcidiocesi di Siena \u2013 Colle di Val d\u2019Elsa \u2013 Montalcino e la collaborazione della Soprintendenza Archeologia, Belle Arti e Paesaggio per le province di Siena, Grosseto, Arezzo e di Opera Laboratori, ripercorrer\u00e0 le trasformazioni subite negli anni, all\u2019interno e all\u2019esterno, dal Tempio dedicato alla Vergine. La mostra, che si suddivide in nove sezioni e prende in esame l\u2019esterno della Cattedrale, le processioni, l\u2019interno del Duomo, la Libreria Piccolomini, la Confessione, Il Battistero e la Scalinata di San Giovanni, le piazze e i palazzi intorno al Duomo, i restauri, le guide e i libri sul Duomo di Siena, presenta, attraverso vedute, l\u2019evoluzione della Cattedrale tracciando un itinerario umano e spirituale, un cammino di passione, di esaltazioni, ma anche di dolori e momenti di autentica disperazione; un percorso che inizia da lontano, ma che conduce in maniera diretta all\u2019oggi che stiamo vivendo.<\/p>\n<p>Aperta al pubblico tutti i giorni dalle 10:30 alle 17:30 fino al 24 dicembre 2021 e dalle 10:30 alle 19:00 fino al 7 gennaio 2022, la mostra \u2018<i>L\u2019immagine del Duomo di Siena: 1223 \u2013 1944\u2019,<\/i> si sviluppa in due luoghi significativi: la magnifica \u2018Cripta\u2019, racchiusa tra il Battistero e l\u2019antico presbiterio, cuore pulsante della Cattedrale, e la sala del Palazzo Arcivescovile, straordinariamente aperta ai senesi e a tutti coloro che vorranno visitarla[\/vc_column_text][\/vc_column][vc_column width=&#8221;1\/3&#8243;][vc_column_text]Come dimostra il <i>Libro dei censi e memoriale delle offese<\/i> del 1223 con il podest\u00e0 Bernardo di Orlando Rossi da Parma, gi\u00e0 in epoca comunale il Duomo era l\u2019edificio pi\u00f9 rilevante della citt\u00e0. Ed \u00e8 proprio da questa miniatura, la pi\u00f9 antica testimonianza esposta, che inizia il percorso di visita: una cospicua selezione di pi\u00f9 di cinquanta opere finalizzata a rivelare come dal Duecento alla met\u00e0 del secolo scorso la Cattedrale sia stata osservata, interpretata e proposta da versatili pittori, disegnatori, incisori e valenti fotografi.<\/p>\n<p>Le immagini che concludono l\u2019itinerario sono due foto con gli ufficiali francesi che, nel luglio 1944, liberarono Siena dall\u2019occupazione nazifascista segnando cos\u00ec la fine della seconda guerra mondiale, almeno in questa parte della Toscana.<\/p>\n<p><i>\u201cSi tratta di una raccolta di immagini<\/i> \u2013 dichiara Guido Pratesi, Rettore dell\u2019Opera della Metropolitana &#8211; <i>che consente di seguire la storia del Duomo con opere in buona parte inedite e di far vedere, oltre alle diverse tecniche artistiche, anche come la Cattedrale senese si sia modificata nel corso dei secoli\u201d.<\/i>[\/vc_column_text]<div class=\"clearboth\"><\/div><style>#thegem-divider-69f39eb5ee2df {margin-top: 50px !important;}<\/style><div id=\"thegem-divider-69f39eb5ee2df\" class=\"gem-divider  \" style=\"\" ><\/div>[\/vc_column][vc_column width=&#8221;1\/3&#8243;][vc_column_text]Nel catalogo, edito da Sillabe, hanno particolare rilievo due fotografie che, come osserva il Rettore Pratesi, <i>\u201c\u2026mostrano i lavori di messa in sicurezza delle opere d\u2019arte a cui partecip\u00f2 un giovane Enzo Carli\u201d.<\/i><\/p>\n<p>La mostra, a cura di Alessandro Leoncini e Chiara Nencini, rimarr\u00e0 aperta al pubblico fino al prossimo 7 gennaio e far\u00e0 parte del percorso del Complesso Monumentale del Duomo di Siena insieme alla Cattedrale, alla Libreria Piccolomini, al Museo dell\u2019Opera, al Panorama dal Facciatone, al Battistero e, appunto, alla \u2018Cripta\u2019 e straordinariamente alla sala di Palazzo Arcivescovile.<\/p>\n<p>Con questa esposizione temporanea, l\u2019Opera della Metropolitana desidera offrire un omaggio ai senesi durante le festivit\u00e0 natalizie e un approfondimento in pi\u00f9 per tutti i visitatori italiani e stranieri che, gratuitamente, essendo compresa nel pass unico di accesso a tutti i monumenti del Complesso del Duomo, vorranno visitarla.[\/vc_column_text][\/vc_column][\/vc_row]<\/p>\n<\/div>","protected":false},"excerpt":{"rendered":"<p>[vc_row][vc_column width=&#8221;1\/3&#8243;][vc_column_text]esposizione temporanea, promossa dall\u2019Opera della Metropolitana con la partecipazione dell\u2019Arcidiocesi di Siena \u2013 Colle di Val d\u2019Elsa \u2013 Montalcino&#8230;<\/p>\n","protected":false},"author":2,"featured_media":32274,"comment_status":"closed","ping_status":"closed","sticky":false,"template":"","format":"standard","meta":{"sfsi_plus_gutenberg_text_before_share":"","sfsi_plus_gutenberg_show_text_before_share":"","sfsi_plus_gutenberg_icon_type":"","sfsi_plus_gutenberg_icon_alignemt":"","sfsi_plus_gutenburg_max_per_row":"","_monsterinsights_skip_tracking":false,"_monsterinsights_sitenote_active":false,"_monsterinsights_sitenote_note":"","_monsterinsights_sitenote_category":0,"footnotes":""},"categories":[361],"tags":[],"class_list":{"0":"post-33076","1":"post","2":"type-post","3":"status-publish","4":"format-standard","5":"has-post-thumbnail","7":"category-news-en"},"menu_order":0,"_links":{"self":[{"href":"https:\/\/operaduomo.siena.it\/en\/wp-json\/wp\/v2\/posts\/33076","targetHints":{"allow":["GET"]}}],"collection":[{"href":"https:\/\/operaduomo.siena.it\/en\/wp-json\/wp\/v2\/posts"}],"about":[{"href":"https:\/\/operaduomo.siena.it\/en\/wp-json\/wp\/v2\/types\/post"}],"author":[{"embeddable":true,"href":"https:\/\/operaduomo.siena.it\/en\/wp-json\/wp\/v2\/users\/2"}],"replies":[{"embeddable":true,"href":"https:\/\/operaduomo.siena.it\/en\/wp-json\/wp\/v2\/comments?post=33076"}],"version-history":[{"count":2,"href":"https:\/\/operaduomo.siena.it\/en\/wp-json\/wp\/v2\/posts\/33076\/revisions"}],"predecessor-version":[{"id":33078,"href":"https:\/\/operaduomo.siena.it\/en\/wp-json\/wp\/v2\/posts\/33076\/revisions\/33078"}],"wp:featuredmedia":[{"embeddable":true,"href":"https:\/\/operaduomo.siena.it\/en\/wp-json\/wp\/v2\/media\/32274"}],"wp:attachment":[{"href":"https:\/\/operaduomo.siena.it\/en\/wp-json\/wp\/v2\/media?parent=33076"}],"wp:term":[{"taxonomy":"category","embeddable":true,"href":"https:\/\/operaduomo.siena.it\/en\/wp-json\/wp\/v2\/categories?post=33076"},{"taxonomy":"post_tag","embeddable":true,"href":"https:\/\/operaduomo.siena.it\/en\/wp-json\/wp\/v2\/tags?post=33076"}],"curies":[{"name":"wp","href":"https:\/\/api.w.org\/{rel}","templated":true}]}}