{"id":33072,"date":"2022-08-04T11:40:10","date_gmt":"2022-08-04T09:40:10","guid":{"rendered":"https:\/\/operaduomo.siena.it\/uncategorized\/scopertura-del-pavimento-del-duomo-di-siena-2022\/"},"modified":"2022-08-04T11:40:16","modified_gmt":"2022-08-04T09:40:16","slug":"scopertura-del-pavimento-del-duomo-di-siena-2022","status":"publish","type":"post","link":"https:\/\/operaduomo.siena.it\/en\/news-en\/scopertura-del-pavimento-del-duomo-di-siena-2022\/","title":{"rendered":"Scopertura del Pavimento del Duomo di Siena 2022"},"content":{"rendered":"<div class=\"wpb-content-wrapper\"><p>[vc_row][vc_column][vc_column_text]<\/p>\n<h3 class=\"brand uppercase m_bottom_40 font-w700\">11 MARZO 2022<\/h3>\n<p style=\"font-weight: 400;\">\n            <span style=\"font-style: inherit; font-weight: inherit;\">Nella Lettera ai Filippesi (2, 15), <strong style=\"font-style: inherit; font-weight: 600;\">San Paolo invita a splendere \u201ccome stelle in terra\u201d<\/strong>, a vivere l\u2019esperienza terrena come preludio a quella divina nella citt\u00e0 degli eletti, descritta nell\u2019Apocalisse: \u201cvidi poi un nuovo cielo e una nuova terra\u201d (21, 1). La Gerusalemme celeste, cui si ispira il <strong style=\"font-style: inherit; font-weight: 600;\">Cathedral of siena<\/strong> che riluce di marmi policromi e inserti dorati, \u00e8 una dimora accogliente, tutta nuova, in cui i concittadini non verseranno pi\u00f9 lacrime e non vi sar\u00e0 \u201cn\u00e9 lutto, n\u00e9 lamento, n\u00e9 affanno, \u201cperch\u00e9 le cose di prima sono passate\u201d (21, 4).<\/span>\n          <\/p>\n<p style=\"font-weight: 400;\">\n            <span style=\"font-style: inherit; font-weight: inherit;\">Con l\u2019auspicio di una nuova epoca di pace e in conclusione delle stagioni della pandemia, con la speranza che gli animi rinnovati siano propensi a riscoprire la divina bellezza delle Arti e dei Monumenti, <b><strong style=\"font-style: inherit;\">il Pavimento del Duomo di Siena sar\u00e0 straordinariamente scoperto a partire dal prossimo 27 giugno fino al 31 luglio e dal 18 agosto al 18 ottobre<\/strong><\/b>.<\/span>\n          <\/p>\n<p style=\"font-weight: 400;\">\n            <span style=\"font-style: inherit; font-weight: inherit;\">La piazza della Gerusalemme \u00e8 lastricata \u201cdi oro puro, come cristallo trasparente\u201d, la \u201ccitt\u00e0 non ha bisogno della luce del sole, n\u00e9 della luce della luna perch\u00e9 la gloria di Dio la illumina\u201d e \u201cle nazioni cammineranno alla sua luce\u201d. Il cammino, il percorso del visitatore all\u2019interno della cattedrale, tarsia dopo tarsia si svolge attraverso il sapere degli antichi filosofi e delle Sibille fino alle storie bibliche, alla luce di Dio che si squarcia nel cielo di fronte a Mos\u00e8 che riceve in ginocchio le Tavole della Legge nel riquadro a commesso marmoreo disegnato da Domenico Beccafumi.<\/span>\n          <\/p>\n<p style=\"font-weight: 400;\">\n            <span style=\"font-style: inherit; font-weight: inherit;\">Mos\u00e8 quando sal\u00ec sul monte Sinai per ricevere le tavole di pietra da Dio \u201csotto i suoi piedi vi era come un pavimento in lastre di zaffiro, simile in purezza al cielo stesso\u201d (Esodo, 24, 10). Il colore puro dello zaffiro \u00e8 un richiamo al Cielo, la sede di Dio.<\/span>\n          <\/p>\n<p style=\"font-weight: 400;\">\n            <span style=\"font-style: inherit; font-weight: inherit;\">D\u2019altra parte, non in contrasto, ma in una congiunzione dell\u2019antichit\u00e0 classica con la sacralit\u00e0, anche l\u2019austera Sibilla Cumana, in un riquadro della navata di destra della Cattedrale, annuncia \u201cun nuovo ordine di secoli\u201d, il ritorno della Vergine e una nuova stirpe che \u201cscende dall\u2019alto del cielo\u201d (Virgilio, IV Egloga).<\/span>\n          <\/p>\n<p style=\"font-weight: 400;\">\n            <span style=\"font-style: inherit; font-weight: inherit;\">L\u2019invito dell\u2019<b><strong style=\"font-style: inherit;\">Arcidiocesi di Siena &#8211; Colle di Val d\u2019Elsa &#8211; Montalcino<\/strong><\/b>, dell\u2019<b><strong style=\"font-style: inherit;\">Opera della Metropolitana <\/strong><\/b>e di <strong style=\"font-style: inherit; font-weight: 600;\">Opera Laboratori<\/strong>, costantemente impegnati nella tutela e promozione del Pavimento, \u00e8 quello di compiere <b><strong style=\"font-style: inherit;\">una visita con una maggiore consapevolezza, con un desiderio di rinascita verso la \u201cluce\u201d di bellezza, sapienza e spiritualit\u00e0 \u201cpoich\u00e9 non vi sar\u00e0 pi\u00f9 notte\u201d<\/strong><\/b> (Apocalisse 21, 25).<\/span>\n          <\/p>\n<p style=\"font-weight: 400;\">\n            <span style=\"font-style: inherit; font-weight: inherit;\">Prenotando la visita al pavimento della Cattedrale \u00e8 possibile avere sul proprio smartphone l\u2019<b><strong style=\"font-style: inherit;\">audioguida gratuita <\/strong><\/b>del complesso del Duomo oppure richiedere una visita guidata. <b><strong style=\"font-style: inherit;\">Con il QR Code presente su tutto il materiale informativo sar\u00e0 possibile inoltre assicurarsi l\u2019accesso alla Cattedrale, evitando le code in biglietteria, presentandosi direttamente agli accessi dei musei.<\/strong><\/b><\/span>\n          <\/p>\n<p style=\"font-weight: 400;\"><strong style=\"font-style: inherit; font-weight: 600;\">Per info +39 0577 286300<br \/>\n<\/strong><span style=\"font-style: inherit; font-weight: inherit;\"><a href=\"mailto:opasiena@operalaboratori.com\">opasiena@operalaboratori.com<\/a><\/span><\/p>\n<p>[\/vc_column_text][\/vc_column][\/vc_row]<\/p>\n<\/div>","protected":false},"excerpt":{"rendered":"<p>[vc_row][vc_column][vc_column_text] 11 MARZO 2022 Nella Lettera ai Filippesi (2, 15), San Paolo invita a splendere \u201ccome stelle in terra\u201d, a&#8230;<\/p>\n","protected":false},"author":2,"featured_media":32620,"comment_status":"closed","ping_status":"closed","sticky":false,"template":"","format":"standard","meta":{"sfsi_plus_gutenberg_text_before_share":"","sfsi_plus_gutenberg_show_text_before_share":"","sfsi_plus_gutenberg_icon_type":"","sfsi_plus_gutenberg_icon_alignemt":"","sfsi_plus_gutenburg_max_per_row":"","_monsterinsights_skip_tracking":false,"_monsterinsights_sitenote_active":false,"_monsterinsights_sitenote_note":"","_monsterinsights_sitenote_category":0,"footnotes":""},"categories":[361],"tags":[],"class_list":{"0":"post-33072","1":"post","2":"type-post","3":"status-publish","4":"format-standard","5":"has-post-thumbnail","7":"category-news-en"},"menu_order":0,"_links":{"self":[{"href":"https:\/\/operaduomo.siena.it\/en\/wp-json\/wp\/v2\/posts\/33072","targetHints":{"allow":["GET"]}}],"collection":[{"href":"https:\/\/operaduomo.siena.it\/en\/wp-json\/wp\/v2\/posts"}],"about":[{"href":"https:\/\/operaduomo.siena.it\/en\/wp-json\/wp\/v2\/types\/post"}],"author":[{"embeddable":true,"href":"https:\/\/operaduomo.siena.it\/en\/wp-json\/wp\/v2\/users\/2"}],"replies":[{"embeddable":true,"href":"https:\/\/operaduomo.siena.it\/en\/wp-json\/wp\/v2\/comments?post=33072"}],"version-history":[{"count":1,"href":"https:\/\/operaduomo.siena.it\/en\/wp-json\/wp\/v2\/posts\/33072\/revisions"}],"predecessor-version":[{"id":33075,"href":"https:\/\/operaduomo.siena.it\/en\/wp-json\/wp\/v2\/posts\/33072\/revisions\/33075"}],"wp:featuredmedia":[{"embeddable":true,"href":"https:\/\/operaduomo.siena.it\/en\/wp-json\/wp\/v2\/media\/32620"}],"wp:attachment":[{"href":"https:\/\/operaduomo.siena.it\/en\/wp-json\/wp\/v2\/media?parent=33072"}],"wp:term":[{"taxonomy":"category","embeddable":true,"href":"https:\/\/operaduomo.siena.it\/en\/wp-json\/wp\/v2\/categories?post=33072"},{"taxonomy":"post_tag","embeddable":true,"href":"https:\/\/operaduomo.siena.it\/en\/wp-json\/wp\/v2\/tags?post=33072"}],"curies":[{"name":"wp","href":"https:\/\/api.w.org\/{rel}","templated":true}]}}